



{"id":74230,"date":"2022-04-14T08:56:52","date_gmt":"2022-04-14T06:56:52","guid":{"rendered":"https:\/\/klaas.com\/?p=74230"},"modified":"2022-04-14T08:56:53","modified_gmt":"2022-04-14T06:56:53","slug":"service-und-vertrieb-bezieht-neues-kundencenter","status":"publish","type":"post","link":"https:\/\/klaas.com\/de\/service-und-vertrieb-bezieht-neues-kundencenter\/","title":{"rendered":"Service und Vertrieb bezieht neues Kundencenter"},"content":{"rendered":"<p>In nicht einmal einem Jahr Bauzeit entstand im Ascheberger Gewerbegebiet Nord das neue Klaas Kundencenter: Nachdem im Sommer 2021 der erste Spartenstich erfolgt war, konnte das Geb\u00e4ude nun bezogen werden.<\/p>\n<p>Herzst\u00fcck des Kundencenters ist eine riesige Halle. Dort k\u00f6nnen zuk\u00fcnftig Ger\u00e4te\u00fcbergaben und Veranstaltungen im Trockenen stattfinden, wenn es drau\u00dfen ungem\u00fctlich und kalt ist. Auch die <a href=\"https:\/\/klaas.com\/de\/service\/vermietung\/\">Vermietung<\/a> ist in das neue Geb\u00e4ude gegen\u00fcber der Servicehalle gezogen und dort direkt im Empfangsbereich zu finden. Im Erdgeschoss sind au\u00dferdem die R\u00e4umlichkeiten der <a href=\"https:\/\/klaas.com\/de\/schulung\/\">Klaas Academy<\/a> untergebracht. Die ersten Schulungen wurden dort bereits erfolgreich durchgef\u00fchrt. Zahlreiche B\u00fcros f\u00fcr das Vertriebs-Team sowie Besprechungs- und Aufenthaltsr\u00e4ume sind in den beiden oberen Etagen untergebracht.<\/p>\n<p>&nbsp;<\/p>\n","protected":false},"excerpt":{"rendered":"<p>In nicht einmal einem Jahr Bauzeit entstand im Ascheberger Gewerbegebiet Nord das neue Klaas Kundencenter: Nachdem im Sommer 2021 der erste Spartenstich erfolgt war, konnte das Geb\u00e4ude nun bezogen werden. Herzst\u00fcck des Kundencenters ist eine riesige Halle. Dort k\u00f6nnen zuk\u00fcnftig Ger\u00e4te\u00fcbergaben und Veranstaltungen im Trockenen stattfinden, wenn es drau\u00dfen ungem\u00fctlich und kalt ist. Auch die&#8230;  <a class=\"excerpt-read-more\" href=\"https:\/\/klaas.com\/de\/service-und-vertrieb-bezieht-neues-kundencenter\/\" title=\"Read Service und Vertrieb bezieht neues Kundencenter\">Weiter &raquo;<\/a><\/p>\n","protected":false},"author":3,"featured_media":0,"comment_status":"closed","ping_status":"closed","sticky":false,"template":"","format":"standard","meta":{"_acf_changed":false,"inline_featured_image":false,"footnotes":""},"categories":[1],"tags":[],"class_list":["post-74230","post","type-post","status-publish","format-standard","hentry","category-unkategorisiert"],"acf":[],"_links":{"self":[{"href":"https:\/\/klaas.com\/de\/wp-json\/wp\/v2\/posts\/74230","targetHints":{"allow":["GET"]}}],"collection":[{"href":"https:\/\/klaas.com\/de\/wp-json\/wp\/v2\/posts"}],"about":[{"href":"https:\/\/klaas.com\/de\/wp-json\/wp\/v2\/types\/post"}],"author":[{"embeddable":true,"href":"https:\/\/klaas.com\/de\/wp-json\/wp\/v2\/users\/3"}],"replies":[{"embeddable":true,"href":"https:\/\/klaas.com\/de\/wp-json\/wp\/v2\/comments?post=74230"}],"version-history":[{"count":6,"href":"https:\/\/klaas.com\/de\/wp-json\/wp\/v2\/posts\/74230\/revisions"}],"predecessor-version":[{"id":74248,"href":"https:\/\/klaas.com\/de\/wp-json\/wp\/v2\/posts\/74230\/revisions\/74248"}],"wp:attachment":[{"href":"https:\/\/klaas.com\/de\/wp-json\/wp\/v2\/media?parent=74230"}],"wp:term":[{"taxonomy":"category","embeddable":true,"href":"https:\/\/klaas.com\/de\/wp-json\/wp\/v2\/categories?post=74230"},{"taxonomy":"post_tag","embeddable":true,"href":"https:\/\/klaas.com\/de\/wp-json\/wp\/v2\/tags?post=74230"}],"curies":[{"name":"wp","href":"https:\/\/api.w.org\/{rel}","templated":true}]}}